{"id":11008,"date":"2026-09-03T14:02:42","date_gmt":"2026-09-03T20:02:42","guid":{"rendered":"https:\/\/lapeligrosa883.com\/?p=11008"},"modified":"2026-09-03T14:02:42","modified_gmt":"2026-09-03T20:02:42","slug":"barcola-podria-debutar-muy-pronto-con-el-liverpool","status":"publish","type":"post","link":"https:\/\/lapeligrosa883.com\/?p=11008","title":{"rendered":"Barcola podr\u00eda debutar muy pronto con el Liverpool"},"content":{"rendered":"\n<figure class=\"wp-block-image aligncenter size-full is-resized\"><img decoding=\"async\" src=\"https:\/\/radiolapeligrosa.com\/wp-content\/uploads\/2026\/09\/image-8.png\" alt=\"\" style=\"width:489px;height:auto\" \/><\/figure>\n\n\n\n<p class=\"wp-block-paragraph\">Andoni Iraola ha afirmado que el ex delantero del PSG podr\u00eda estrenarse en Ipswich: \u00abHa trabajado bien y estar\u00e1 disponible\u00bb <strong>Bradley Barcola<\/strong>&nbsp;podr\u00eda debutar con el&nbsp;<strong>Liverpool&nbsp;<\/strong>este mismo viernes en Ipswich, tras haber completado sus primeros entrenamientos con el equipo ingl\u00e9s, seg\u00fan indic\u00f3 este jueves su entrenador,&nbsp;<strong>Andoni Iraola<\/strong>, quien se mostr\u00f3 satisfecho con la \u00abbuena actitud\u00bb mostrada por el extremo franc\u00e9s.&nbsp;<\/p>\n\n\n\n<p class=\"wp-block-paragraph\">\u00abHa trabajado bien con nosotros y, si todo va bien en el entrenamiento de hoy (jueves), estar\u00e1 disponible ma\u00f1ana\u00bb, declar\u00f3 el vasco en rueda de prensa, confirmando que su nuevo fichaje est\u00e1 en condiciones de disputar su primer partido con sus nuevos colores en esta tercera jornada de la Premier League.&nbsp;<\/p>\n","protected":false},"excerpt":{"rendered":"<p>Andoni Iraola ha afirmado que el ex delantero del PSG podr\u00eda estrenarse en Ipswich: \u00abHa trabajado bien y<\/p>\n","protected":false},"author":3,"featured_media":0,"comment_status":"open","ping_status":"open","sticky":false,"template":"","format":"standard","meta":{"footnotes":"","jetpack_publicize_message":"","jetpack_publicize_feature_enabled":true,"jetpack_social_post_already_shared":true,"jetpack_social_options":{"image_generator_settings":{"template":"highway","default_image_id":0,"font":"","enabled":false},"version":2}},"categories":[1],"tags":[],"class_list":["post-11008","post","type-post","status-publish","format-standard","hentry","category-farandula"],"jetpack_publicize_connections":[],"_links":{"self":[{"href":"https:\/\/lapeligrosa883.com\/index.php?rest_route=\/wp\/v2\/posts\/11008","targetHints":{"allow":["GET"]}}],"collection":[{"href":"https:\/\/lapeligrosa883.com\/index.php?rest_route=\/wp\/v2\/posts"}],"about":[{"href":"https:\/\/lapeligrosa883.com\/index.php?rest_route=\/wp\/v2\/types\/post"}],"author":[{"embeddable":true,"href":"https:\/\/lapeligrosa883.com\/index.php?rest_route=\/wp\/v2\/users\/3"}],"replies":[{"embeddable":true,"href":"https:\/\/lapeligrosa883.com\/index.php?rest_route=%2Fwp%2Fv2%2Fcomments&post=11008"}],"version-history":[{"count":1,"href":"https:\/\/lapeligrosa883.com\/index.php?rest_route=\/wp\/v2\/posts\/11008\/revisions"}],"predecessor-version":[{"id":11009,"href":"https:\/\/lapeligrosa883.com\/index.php?rest_route=\/wp\/v2\/posts\/11008\/revisions\/11009"}],"wp:attachment":[{"href":"https:\/\/lapeligrosa883.com\/index.php?rest_route=%2Fwp%2Fv2%2Fmedia&parent=11008"}],"wp:term":[{"taxonomy":"category","embeddable":true,"href":"https:\/\/lapeligrosa883.com\/index.php?rest_route=%2Fwp%2Fv2%2Fcategories&post=11008"},{"taxonomy":"post_tag","embeddable":true,"href":"https:\/\/lapeligrosa883.com\/index.php?rest_route=%2Fwp%2Fv2%2Ftags&post=11008"}],"curies":[{"name":"wp","href":"https:\/\/api.w.org\/{rel}","templated":true}]}}