{"id":10628,"date":"2024-04-01T09:33:22","date_gmt":"2024-04-01T15:33:22","guid":{"rendered":"http:\/\/lapeligrosa883.com\/?p=10628"},"modified":"2024-04-01T09:33:22","modified_gmt":"2024-04-01T15:33:22","slug":"viudo-de-selena-quintanilla-asi-la-recuerda-a-29-anos-de-su-muerte-y-tras-supuesta-infidelidad","status":"publish","type":"post","link":"https:\/\/lapeligrosa883.com\/?p=10628","title":{"rendered":"Viudo de Selena Quintanilla as\u00ed la recuerda a 29 a\u00f1os de su muerte y tras supuesta infidelidad"},"content":{"rendered":"\n<p class=\"wp-block-paragraph\"><strong>Chris P\u00e9rez, viudo de Selena Quintanilla<\/strong>, conmemor\u00f3 el aniversario luctuoso de la cantante a poco m\u00e1s de un mes despu\u00e9s de que la asesina de la artista, Yolanda Sald\u00edvar, haya ventilado una supuesta infidelidad de &#8216;La Reina del Tex Mex&#8217; antes de morir.<\/p>\n\n\n\n<!--more-->\n\n\n\n<p class=\"wp-block-paragraph\"><strong>Selena Quintanilla, la ic\u00f3nica &#8216;Reina del Tex Mex&#8217;<\/strong>, cumpli\u00f3 este domingo 31 de marzo 29 a\u00f1os de su tr\u00e1gica muerte y&nbsp;<strong>su viudo<\/strong>&nbsp;<strong>Chris P\u00e9rez<\/strong>&nbsp;comparti\u00f3 un emotivo mensaje en memoria de la talentosa cantante.<\/p>\n\n\n\n<p class=\"wp-block-paragraph\">La artista muri\u00f3 a los 23 a\u00f1os el 31 de marzo de 1995 cuando&nbsp;<strong>Yolanda Sald\u00edvar le quit\u00f3 la vida<\/strong>&nbsp;con un disparo en un hotel de Corpus Christi, Texas.<\/p>\n\n\n\n<p class=\"wp-block-paragraph\">En su cuenta de Instagram, Chris P\u00e9rez public\u00f3 la imagen de una&nbsp;<strong>rosa blanca&nbsp;<\/strong>en honor a su fallecida esposa.<\/p>\n\n\n\n<p class=\"wp-block-paragraph\">Pero su mensaje no solo fue un tributo a Selena, tambi\u00e9n fue una oportunidad para reflexionar sobre el pasado y expresar gratitud hacia quienes formaron parte de su vida.<\/p>\n\n\n\n<p class=\"wp-block-paragraph\">El m\u00fasico record\u00f3 los&nbsp;<strong>primeros d\u00edas en Selena y Los Dinos<\/strong>, la banda en la que ambos compartieron su pasi\u00f3n por la m\u00fasica.<\/p>\n\n\n\n<p class=\"wp-block-paragraph\">\u00ab29 a\u00f1os despu\u00e9s\u2026&nbsp;<strong>hoy he estado viendo algunos de sus videos<\/strong>. Principalmente algunos de los m\u00e1s antiguos, antes de que yo estuviera en Selena y Los Dinos\u00bb, escribi\u00f3 el m\u00fasico.<\/p>\n\n\n\n<p class=\"wp-block-paragraph\">\u00abEsas canciones&nbsp;<strong>ocupan un lugar muy especial en mi coraz\u00f3n<\/strong>. A.B, Suzette, Ricky, Pete, Joe y los exguitarristas Roger Garc\u00eda y Jesse Ybarra (gracias a todos por sentar las bases para tocar la guitarra)\u00bb, destac\u00f3.<\/p>\n\n\n\n<p class=\"wp-block-paragraph\">\u00bb&nbsp;<strong>No nos olvidemos del se\u00f1or Abraham Quintanilla<\/strong>, de Jr. y Marcella por mantenerse juntos todos esos a\u00f1os e incluso hasta ahora\u00bb, dijo sobre la familia de su esposa y con quienes estuvo distanciado por algunos a\u00f1os tras el asesinato.<\/p>\n\n\n\n<p class=\"wp-block-paragraph\">\u00bb&nbsp;<strong>Selena todav\u00eda est\u00e1 batiendo r\u00e9cords&nbsp;<\/strong>y todav\u00eda recordamos\/celebramos su extraordinaria vida, su don de la m\u00fasica y su legado eterno\u00bb, comparti\u00f3, \u00abSelena contin\u00faa inspir\u00e1ndonos a todos y siempre estar\u00e1 en los corazones de sus fans, amigos y familiares\u00bb.<\/p>\n\n\n\n<p class=\"wp-block-paragraph\">Chris P\u00e9rez destac\u00f3 que Selena sigue \u00abbatiendo r\u00e9cords\u00bb y que su m\u00fasica trasciende generaciones. Tambi\u00e9n mand\u00f3 un agradecimiento a los fans por mantener viva su luz.<\/p>\n\n\n\n<figure class=\"wp-block-embed is-type-rich is-provider-instagram wp-block-embed-instagram\"><div class=\"wp-block-embed__wrapper\">\nhttps:\/\/www.instagram.com\/p\/C5KoYICMW1B\n<\/div><\/figure>\n\n\n\n<p class=\"wp-block-paragraph\"><strong>La docuserie &#8216;Selena &amp; Yolanda: The Secrets Between Them&#8217;<\/strong>&nbsp;tambi\u00e9n ha sido tema de conversaci\u00f3n en las \u00fatimas semanas.<\/p>\n\n\n\n<p class=\"wp-block-paragraph\">En ella, Yolanda Sald\u00edvar, la expresidenta del club de fans de Selena y asesina de la artista, revel\u00f3 detalles sobre la supuesta relaci\u00f3n amorosa entre la cantante y un cirujano brasile\u00f1o, Ricardo Mart\u00ednez.<\/p>\n\n\n\n<p class=\"wp-block-paragraph\">\u00abSelena me dijo que&nbsp;<strong>fue amor a primera vista<\/strong>\u00ab, asegur\u00f3 la mujer en el material estrenado el pasado 17 de febrero a trav\u00e9s de la cadena Oxygen, \u00aby luego los vi y estaban tomados de la mano y se besaban\u00bb.<\/p>\n\n\n\n<p class=\"wp-block-paragraph\">La asesina, quien permanece recluida en la Unidad Mountain View de Gatesville, Texas, aleg\u00f3 que verlos as\u00ed \u00abla hizo sentir muy inc\u00f3moda\u00bb: \u00abDije &#8216;Chris (P\u00e9rez) est\u00e1 en casa y yo estoy aqu\u00ed contigo,&nbsp;<strong>qu\u00e9 dir\u00e1 tu familia<\/strong>, creer\u00e1n que yo estoy inmersa en esto'\u00bb.<\/p>\n\n\n\n<p class=\"wp-block-paragraph\">Seg\u00fan Sald\u00edvar, Selena&nbsp;<strong>\u00abquer\u00eda y buscaba el amor de otro hombre\u00bb<\/strong>: \u00abLo ocult\u00e9 pensando que le estaba haciendo un bien y no lo estaba y parte de eso es mi culpa\u00bb.<\/p>\n\n\n\n<p class=\"wp-block-paragraph\">En 2012, el m\u00e9dico Ricardo Mart\u00ednez admiti\u00f3 en una entrevista&nbsp;que supuestamente s\u00ed&nbsp;<strong>tuvo una relaci\u00f3n fugaz con la fallecida<\/strong>&nbsp;artista.<\/p>\n\n\n\n<p class=\"wp-block-paragraph\">Abraham Quintanilla, padre de la cantante, y Chris P\u00e9rez, el viudo, siempre han desmentido la informaci\u00f3n. En el mensaje que el m\u00fasico dedic\u00f3 a la difunta no hizo referencia a lo expuesto por Yolanda Sald\u00edvar en el pol\u00e9mico documental.<\/p>\n\n\n\n<p class=\"wp-block-paragraph\"><strong>La asesina, de 63 a\u00f1os, purga cadena perpetua<\/strong>, pero en 2025 tendr\u00e1 la oportunidad de que un juez le pueda otorgar libertad condicional para que culmine la condena fuera de prisi\u00f3n.<\/p>\n","protected":false},"excerpt":{"rendered":"<p>Chris P\u00e9rez, viudo de Selena Quintanilla, conmemor\u00f3 el aniversario luctuoso de la cantante a poco m\u00e1s de un<\/p>\n","protected":false},"author":1,"featured_media":10629,"comment_status":"open","ping_status":"open","sticky":false,"template":"","format":"standard","meta":{"footnotes":"","jetpack_publicize_message":"","jetpack_publicize_feature_enabled":true,"jetpack_social_post_already_shared":true,"jetpack_social_options":{"image_generator_settings":{"template":"highway","default_image_id":0,"font":"","enabled":false},"version":2}},"categories":[1],"tags":[],"class_list":["post-10628","post","type-post","status-publish","format-standard","has-post-thumbnail","hentry","category-farandula"],"jetpack_publicize_connections":[],"_links":{"self":[{"href":"https:\/\/lapeligrosa883.com\/index.php?rest_route=\/wp\/v2\/posts\/10628","targetHints":{"allow":["GET"]}}],"collection":[{"href":"https:\/\/lapeligrosa883.com\/index.php?rest_route=\/wp\/v2\/posts"}],"about":[{"href":"https:\/\/lapeligrosa883.com\/index.php?rest_route=\/wp\/v2\/types\/post"}],"author":[{"embeddable":true,"href":"https:\/\/lapeligrosa883.com\/index.php?rest_route=\/wp\/v2\/users\/1"}],"replies":[{"embeddable":true,"href":"https:\/\/lapeligrosa883.com\/index.php?rest_route=%2Fwp%2Fv2%2Fcomments&post=10628"}],"version-history":[{"count":1,"href":"https:\/\/lapeligrosa883.com\/index.php?rest_route=\/wp\/v2\/posts\/10628\/revisions"}],"predecessor-version":[{"id":10630,"href":"https:\/\/lapeligrosa883.com\/index.php?rest_route=\/wp\/v2\/posts\/10628\/revisions\/10630"}],"wp:featuredmedia":[{"embeddable":true,"href":"https:\/\/lapeligrosa883.com\/index.php?rest_route=\/wp\/v2\/media\/10629"}],"wp:attachment":[{"href":"https:\/\/lapeligrosa883.com\/index.php?rest_route=%2Fwp%2Fv2%2Fmedia&parent=10628"}],"wp:term":[{"taxonomy":"category","embeddable":true,"href":"https:\/\/lapeligrosa883.com\/index.php?rest_route=%2Fwp%2Fv2%2Fcategories&post=10628"},{"taxonomy":"post_tag","embeddable":true,"href":"https:\/\/lapeligrosa883.com\/index.php?rest_route=%2Fwp%2Fv2%2Ftags&post=10628"}],"curies":[{"name":"wp","href":"https:\/\/api.w.org\/{rel}","templated":true}]}}