{"id":10572,"date":"2024-01-15T08:22:34","date_gmt":"2024-01-15T14:22:34","guid":{"rendered":"http:\/\/lapeligrosa883.com\/?p=10572"},"modified":"2024-01-15T08:22:34","modified_gmt":"2024-01-15T14:22:34","slug":"muere-integrante-de-las-monumentales-chicas-del-can","status":"publish","type":"post","link":"https:\/\/lapeligrosa883.com\/?p=10572","title":{"rendered":"Muere integrante de Las Monumentales Chicas del Can"},"content":{"rendered":"\n<p class=\"wp-block-paragraph\">El merengue dominicano se encuentra en duelo luego de confirmarse la muerte de la bajista Janni Viloria, de 54 a\u00f1os, quien form\u00f3 parte del grupo femenino Las Monumentales Chicas del Can. <\/p>\n\n\n\n<!--more-->\n\n\n\n<p class=\"wp-block-paragraph\">Se reporta que la artista habr\u00eda sido sometida a una cirug\u00eda cerebral \u00aby no respondi\u00f3 al tratamiento\u00bb.<\/p>\n\n\n\n<p class=\"wp-block-paragraph\">El mundo del merengue dominicano se viste de luto al darse a conocer la muerte de una de sus m\u00e1s queridas veteranas:&nbsp;<strong>Janni Viloria.<\/strong><\/p>\n\n\n\n<p class=\"wp-block-paragraph\">La artista de 54 a\u00f1os, quien fue bajista de&nbsp;<strong>Las Monumentales Chicas del Can<\/strong>, falleci\u00f3 este domingo 14 de enero luego de ser aparentemente sometida a una cirug\u00eda cerebral, seg\u00fan report\u00f3 el portal de List\u00edn Diario.<\/p>\n\n\n\n<p class=\"wp-block-paragraph\">De acuerdo con el portal dominicano De \u00daltimo Minuto, Janni Viloria supuestamente \u00bb&nbsp;<strong>fue guiada a un coma inducido<\/strong>&nbsp;posterior a una cirug\u00eda cerebral y no respondi\u00f3 al tratamiento\u00bb.<\/p>\n\n\n\n<p class=\"wp-block-paragraph\">No queda clara la fecha en que la artista habr\u00eda sido sometida a la operaci\u00f3n ni a qu\u00e9 se debi\u00f3 dicho procedimiento. Algunos medios de su pa\u00eds han especulado que&nbsp;<strong>supuestamente ten\u00eda c\u00e1ncer.<\/strong><\/p>\n\n\n\n<p class=\"wp-block-paragraph\">De acuerdo con List\u00edn Diario, los restos de la bajista fueron velados desde la tarde de este domingo 14 \u00aben la funeraria Blandino de la avenida Abraham Lincoln\u00bb de Santo Domingo.<\/p>\n\n\n\n<p class=\"wp-block-paragraph\">El sepelio estaba programado para este lunes 15 a partir de las 2 de la tarde, hora local, \u00aben el cementerio M\u00e1ximo G\u00f3mez\u00bb.<\/p>\n\n\n\n<p class=\"wp-block-paragraph\">La artista deja en vida a dos hijos, Jennifer y Brandon, dos nietos y su esposo, el saxofonista Julio C\u00e9sar Cheaz Cuello.<\/p>\n\n\n\n<p class=\"wp-block-paragraph\">En la cuenta de Instagram de Las Monumentales Chicas del Can se confirm\u00f3 el deceso con un mensaje que honr\u00f3 la memoria de la integrante de la agrupaci\u00f3n: \u00abQuer\u00edamos y admir\u00e1bamos mucho a Janni. Le estaremos eternamente agradecidos por todo el legado musical que nos deja. Vuela alto. Te vamos a echar mucho de menos\u00bb.<\/p>\n\n\n\n<p class=\"wp-block-paragraph\">En el comunicado no se ahondaron en detalles sobre la causa de muerte de la bajista.<\/p>\n\n\n\n<figure class=\"wp-block-embed is-type-rich is-provider-instagram wp-block-embed-instagram\"><div class=\"wp-block-embed__wrapper\">\nhttps:\/\/www.instagram.com\/p\/C2GDvYUv9Va\/\n<\/div><\/figure>\n\n\n\n<p class=\"wp-block-paragraph\">La bajista naci\u00f3 en San Francisco de Macor\u00eds, provincia Duarte y fue la segunda de tres hermanos, seg\u00fan datos de List\u00edn Diario.<\/p>\n\n\n\n<p class=\"wp-block-paragraph\">Cuando ten\u00eda 14 a\u00f1os comenz\u00f3 a tocar la guitarra y luego aprendi\u00f3 a leer partitura. Fue dos a\u00f1os despu\u00e9s que&nbsp;<strong>descubri\u00f3 su pasi\u00f3n por el bajo.<\/strong><\/p>\n\n\n\n<p class=\"wp-block-paragraph\">Para 1990, se integr\u00f3 a una agrupaci\u00f3n femenina de merengue llamada Grupo Mandarina con el que viaj\u00f3 por varios pa\u00edses. Dos a\u00f1os despu\u00e9s fue parte de la segunda etapa de Las Chicas del Can, llamadas Las Monumentales Chicas del Can.<\/p>\n\n\n\n<p class=\"wp-block-paragraph\">De acuerdo con datos de De \u00daltimo Minuto, esa famosa agrupaci\u00f3n fue parte de la prestigiosa lista de&nbsp;<strong>los 25 grupos femeninos m\u00e1s influyentes de toda la historia<\/strong>&nbsp;que en 2016 dio a conocer la cadena E! Entertainment Television. Janni Viloria y sus compa\u00f1eras ocuparon la posici\u00f3n 14 de ese listado.<\/p>\n","protected":false},"excerpt":{"rendered":"<p>El merengue dominicano se encuentra en duelo luego de confirmarse la muerte de la bajista Janni Viloria, de<\/p>\n","protected":false},"author":1,"featured_media":10573,"comment_status":"open","ping_status":"open","sticky":false,"template":"","format":"standard","meta":{"footnotes":"","jetpack_publicize_message":"","jetpack_publicize_feature_enabled":true,"jetpack_social_post_already_shared":true,"jetpack_social_options":{"image_generator_settings":{"template":"highway","default_image_id":0,"font":"","enabled":false},"version":2}},"categories":[1],"tags":[],"class_list":["post-10572","post","type-post","status-publish","format-standard","has-post-thumbnail","hentry","category-farandula"],"jetpack_publicize_connections":[],"_links":{"self":[{"href":"https:\/\/lapeligrosa883.com\/index.php?rest_route=\/wp\/v2\/posts\/10572","targetHints":{"allow":["GET"]}}],"collection":[{"href":"https:\/\/lapeligrosa883.com\/index.php?rest_route=\/wp\/v2\/posts"}],"about":[{"href":"https:\/\/lapeligrosa883.com\/index.php?rest_route=\/wp\/v2\/types\/post"}],"author":[{"embeddable":true,"href":"https:\/\/lapeligrosa883.com\/index.php?rest_route=\/wp\/v2\/users\/1"}],"replies":[{"embeddable":true,"href":"https:\/\/lapeligrosa883.com\/index.php?rest_route=%2Fwp%2Fv2%2Fcomments&post=10572"}],"version-history":[{"count":1,"href":"https:\/\/lapeligrosa883.com\/index.php?rest_route=\/wp\/v2\/posts\/10572\/revisions"}],"predecessor-version":[{"id":10574,"href":"https:\/\/lapeligrosa883.com\/index.php?rest_route=\/wp\/v2\/posts\/10572\/revisions\/10574"}],"wp:featuredmedia":[{"embeddable":true,"href":"https:\/\/lapeligrosa883.com\/index.php?rest_route=\/wp\/v2\/media\/10573"}],"wp:attachment":[{"href":"https:\/\/lapeligrosa883.com\/index.php?rest_route=%2Fwp%2Fv2%2Fmedia&parent=10572"}],"wp:term":[{"taxonomy":"category","embeddable":true,"href":"https:\/\/lapeligrosa883.com\/index.php?rest_route=%2Fwp%2Fv2%2Fcategories&post=10572"},{"taxonomy":"post_tag","embeddable":true,"href":"https:\/\/lapeligrosa883.com\/index.php?rest_route=%2Fwp%2Fv2%2Ftags&post=10572"}],"curies":[{"name":"wp","href":"https:\/\/api.w.org\/{rel}","templated":true}]}}