{"id":10617,"date":"2024-02-22T08:24:44","date_gmt":"2024-02-22T14:24:44","guid":{"rendered":"http:\/\/lapeligrosa883.com\/?p=10617"},"modified":"2024-02-22T08:24:44","modified_gmt":"2024-02-22T14:24:44","slug":"nodal-se-sincera-sobre-su-hija-y-revela-por-que-no-podra-hacer-canciones-que-a-ella-le-gusten","status":"publish","type":"post","link":"http:\/\/lapeligrosa883.com\/?p=10617","title":{"rendered":"Nodal se sincera sobre su hija y revela por qu\u00e9 \u00abno podr\u00e1 hacer canciones que a ella le gusten\u00bb"},"content":{"rendered":"\n<p>Christian Nodal habl\u00f3 como pocas veces lo ha hecho p\u00fablicamente sobre<strong>&nbsp;Inti, la beb\u00e9 que tiene con su pareja Cazzu<\/strong>. <\/p>\n\n\n\n<!--more-->\n\n\n\n<p>El cantante revel\u00f3 hace una semana una fotos en las que por primera vez se ve el rostro de su hija, de 5 meses de nacida.<\/p>\n\n\n\n<p><strong>Christian Nodal<\/strong>&nbsp;habl\u00f3 sobre su hija&nbsp;<strong>Inti, la beb\u00e9 que tiene con Cazzu,<\/strong>&nbsp;y que present\u00f3 al mundo el pasado D\u00eda de San Valent\u00edn.<\/p>\n\n\n\n<p>En esa fecha, el cantante comparti\u00f3 fotos en las que por primera vez dej\u00f3 ver el rostro de la ni\u00f1a, cuya identidad se hab\u00edan reservado \u00e9l y la cantante argentina desde que lleg\u00f3 al mundo en septiembre pasado.<\/p>\n\n\n\n<p>Algunos fans de la pareja ahora debaten a qui\u00e9n se parece m\u00e1s: si al artista mexicano o a Cazzu.<\/p>\n\n\n\n<p>Sin embargo, Nodal tiene claro algunos detalles muy espec\u00edficos de la ni\u00f1a y as\u00ed los revel\u00f3.<\/p>\n\n\n\n<p>En horas recientes se ha difundido en varios medios una serie de declaraciones que el exponente del regional mexicano hizo en noviembre pasado a la cadena de radio Los40 en donde habl\u00f3 sobre Inti como pocas veces lo ha hecho hasta ahora.<\/p>\n\n\n\n<p>En ese entonces, la ni\u00f1a ten\u00eda un par de meses de nacida, pero el cantante ya ten\u00eda detectados algunos de los gustos que dejaba ver su primog\u00e9nita.<\/p>\n\n\n\n<p>\u00bb&nbsp;<strong>Mi hija es una &#8216;rockstar&#8217;<\/strong>. A ella le encanta viajar y se porta super bien\u00bb, revel\u00f3 en esa charla que ahora ha sido recuperada por varios medios tras la difusi\u00f3n de las primeras fotos con el rostro de la beb\u00e9.<\/p>\n\n\n\n<figure class=\"wp-block-image size-full\"><img decoding=\"async\" src=\"https:\/\/999azucar.com\/wp-content\/uploads\/2024\/02\/image-9.png\" alt=\"\" class=\"wp-image-10705\"\/><\/figure>\n\n\n\n<p>En esa ocasi\u00f3n, Nodal tambi\u00e9n confes\u00f3 c\u00f3mo ella le ha cambiado la vida tras convertirse en padre.<\/p>\n\n\n\n<p>\u00abCreo que&nbsp;<strong>me he inspirado m\u00e1s como ser humano&nbsp;<\/strong>que como artista\u00bb, admiti\u00f3 el compositor, quien actualmente tiene 25 a\u00f1os.<\/p>\n\n\n\n<p>\u00bb&nbsp;<strong>S\u00ed ha cambiado muchas cosas<\/strong>, tambi\u00e9n la madurez, el ser m\u00e1s responsable, y por ah\u00ed (detalles) que van como artista\u00bb, dijo al respecto.<\/p>\n\n\n\n<p>Tambi\u00e9n cont\u00f3 que s\u00ed le escribir\u00e1 algunas canciones, pero revel\u00f3 la raz\u00f3n que tiene para, por ahora, no hacerlo.<\/p>\n\n\n\n<p>\u00abClaro que le har\u00e9 canciones de cuna y de todo tipo, pero hasta que ella no tenga una edad que me ense\u00f1e m\u00fasica&nbsp;<strong>no podr\u00e9 hacer canciones que a ella le gusten<\/strong>\u00ab, coment\u00f3.<\/p>\n\n\n\n<p>Por ahora, \u00e9l y Cazzu gozan de su beb\u00e9 mientras residen en Argentina, a donde&nbsp;<strong>Nodal se mud\u00f3 desde M\u00e9xico&nbsp;<\/strong>para formar su familia.<\/p>\n","protected":false},"excerpt":{"rendered":"<p>Christian Nodal habl\u00f3 como pocas veces lo ha hecho p\u00fablicamente sobre&nbsp;Inti, la beb\u00e9 que tiene con su pareja Cazzu.<\/p>\n","protected":false},"author":1,"featured_media":10618,"comment_status":"open","ping_status":"open","sticky":false,"template":"","format":"standard","meta":{"footnotes":"","jetpack_publicize_message":"","jetpack_publicize_feature_enabled":true,"jetpack_social_post_already_shared":true,"jetpack_social_options":{"image_generator_settings":{"template":"highway","default_image_id":0,"font":"","enabled":false},"version":2}},"categories":[1],"tags":[],"class_list":["post-10617","post","type-post","status-publish","format-standard","has-post-thumbnail","hentry","category-farandula"],"jetpack_publicize_connections":[],"_links":{"self":[{"href":"http:\/\/lapeligrosa883.com\/index.php?rest_route=\/wp\/v2\/posts\/10617","targetHints":{"allow":["GET"]}}],"collection":[{"href":"http:\/\/lapeligrosa883.com\/index.php?rest_route=\/wp\/v2\/posts"}],"about":[{"href":"http:\/\/lapeligrosa883.com\/index.php?rest_route=\/wp\/v2\/types\/post"}],"author":[{"embeddable":true,"href":"http:\/\/lapeligrosa883.com\/index.php?rest_route=\/wp\/v2\/users\/1"}],"replies":[{"embeddable":true,"href":"http:\/\/lapeligrosa883.com\/index.php?rest_route=%2Fwp%2Fv2%2Fcomments&post=10617"}],"version-history":[{"count":1,"href":"http:\/\/lapeligrosa883.com\/index.php?rest_route=\/wp\/v2\/posts\/10617\/revisions"}],"predecessor-version":[{"id":10619,"href":"http:\/\/lapeligrosa883.com\/index.php?rest_route=\/wp\/v2\/posts\/10617\/revisions\/10619"}],"wp:featuredmedia":[{"embeddable":true,"href":"http:\/\/lapeligrosa883.com\/index.php?rest_route=\/wp\/v2\/media\/10618"}],"wp:attachment":[{"href":"http:\/\/lapeligrosa883.com\/index.php?rest_route=%2Fwp%2Fv2%2Fmedia&parent=10617"}],"wp:term":[{"taxonomy":"category","embeddable":true,"href":"http:\/\/lapeligrosa883.com\/index.php?rest_route=%2Fwp%2Fv2%2Fcategories&post=10617"},{"taxonomy":"post_tag","embeddable":true,"href":"http:\/\/lapeligrosa883.com\/index.php?rest_route=%2Fwp%2Fv2%2Ftags&post=10617"}],"curies":[{"name":"wp","href":"https:\/\/api.w.org\/{rel}","templated":true}]}}